{"id":5465,"date":"2026-03-12T13:46:59","date_gmt":"2026-03-12T12:46:59","guid":{"rendered":"https:\/\/www.projet-cecc.org\/?p=5465"},"modified":"2026-03-12T13:51:19","modified_gmt":"2026-03-12T12:51:19","slug":"soutenance-de-these-cecc-asse-mbengue","status":"publish","type":"post","link":"https:\/\/www.projet-cecc.org\/?p=5465","title":{"rendered":"Soutenance de th\u00e8se CECC &#8211; Asse Mbengue"},"content":{"rendered":"\t\t<div data-elementor-type=\"wp-post\" data-elementor-id=\"5465\" class=\"elementor elementor-5465\" data-elementor-post-type=\"post\">\n\t\t\t\t<div class=\"elementor-element elementor-element-5b9986f e-flex e-con-boxed e-con e-parent\" data-id=\"5b9986f\" data-element_type=\"container\">\n\t\t\t\t\t<div class=\"e-con-inner\">\n\t\t\t\t<div class=\"elementor-element elementor-element-b3db49c elementor-widget elementor-widget-text-editor\" data-id=\"b3db49c\" data-element_type=\"widget\" data-widget_type=\"text-editor.default\">\n\t\t\t\t<div class=\"elementor-widget-container\">\n\t\t\t\t\t\t\t\t\t<p>Asse Mbengue qui avait d\u00e9marr\u00e9 sa th\u00e8se CECC en alternance entre la France et le S\u00e9n\u00e9gal en 2023, a soutenu le 10 mars 2026 \u00e0 l&rsquo;UMR Espace Dev, \u00e0 Montpellier.\u00a0<\/p><p>\u00a0<\/p><h6><a href=\"https:\/\/theses.fr\/s365430\">Donn\u00e9es climatiques spatiales \u00e0 haute r\u00e9solution au S\u00e9n\u00e9gal : outils d\u2019\u00e9valuation fine des impacts des changements climatiques sur l&rsquo;agriculture<\/a><\/h6><p>Le S\u00e9n\u00e9gal \u00e0 l&rsquo;instar de la majeure partie des pays sah\u00e9liens est un pays dont les activit\u00e9s socio-\u00e9conomiques sont essentiellement li\u00e9es \u00e0 l&rsquo;agriculture pluviale qui emploie pratiquement la majorit\u00e9 de la population active. C&rsquo;est un secteur qui est fortement assujetti \u00e0 la forte variabilit\u00e9 des conditions climatiques. Depuis les ann\u00e9es 1970, les plus grandes famines ayant n\u00e9cessit\u00e9s un recours \u00e0 l&rsquo;aide alimentaire internationale (1974, 1984\/1985, 1992 et 2002) sont dues en partie ou en totalit\u00e9 \u00e0 ces variations du climat (Dilley et al., 2005).<\/p><p>Mais \u00e0 ces variations climatiques r\u00e9centes s&rsquo;ajoutent, aussi, les cons\u00e9quences du changement climatique qui se manifestent par une augmentation de la temp\u00e9rature partout dans le monde ainsi que, d&rsquo;une probable augmentation de la fr\u00e9quence et de l&rsquo;intensit\u00e9 des \u00e9v\u00e8nements pluviom\u00e9triques extr\u00eames dans un contexte Sah\u00e9lien d\u00e9j\u00e0 tr\u00e8s vuln\u00e9rable aux variations climatiques.<\/p><p>Les impacts de ces changements sur l&rsquo;agriculture repr\u00e9sentent une contrainte suppl\u00e9mentaire sur un syst\u00e8me de production en \u00e9quilibre d\u00e9j\u00e0 pr\u00e9caire. Le futur de l&rsquo;\u00e9conomie de cette zone d\u00e9pendra de la capacit\u00e9 du secteur agricole de produire assez pour relever le d\u00e9fi d\u00fb \u00e0 une demande d&rsquo;une population qui cro\u00eet rapidement. Cet enjeu est tel que malgr\u00e9 l&rsquo;incertitude sur les projections climatiques (Sultan B. 2001; GIEC, 1990; Holden et al., 2010), il faut d&rsquo;ores et d\u00e9j\u00e0 mettre en place des options d&rsquo;adaptation pour r\u00e9duire la vuln\u00e9rabilit\u00e9 de la population \u00e0 la variabilit\u00e9 et aux changements climatiques pour une meilleure s\u00e9curit\u00e9 de l&rsquo;alimentaire.<\/p><p>De ce fait, l&rsquo;anticipation de ces changements et variations du climat, et leurs impacts dans le domaine agricole devient un enjeu majeur. Plusieurs \u00e9tudes ont \u00e9t\u00e9 men\u00e9es tendant \u00e0 coupler les sorties des mod\u00e8les de circulation Atmosph\u00e9riques (GCM) aux mod\u00e8les agronomiques dans le but de quantifier les rendements agricoles \u00e0 diff\u00e9rents horizons temporels et selon diff\u00e9rents sc\u00e9narii de changement du climat (Oettli et al., 201; Salck et al, 2012; Berg et al, 2010; Osborne et al; 2007)<\/p><p>Malheureusement, le probl\u00e8me de la disponibilit\u00e9 des donn\u00e9es constitue un d\u00e9fit majeur pour une information climatique fiable et par cons\u00e9quent a une bonne \u00e9valuation de l&rsquo;impact des changements climatiques. certaines \u00e9tudes ont \u00e9t\u00e9 men\u00e9es en utilisant soit des mod\u00e8les d&rsquo;impact \u00e0 grande \u00e9chelle (tel que le mod\u00e8le GLAM) forc\u00e9s avec les sorties des GCM afin de simuler le rendement des c\u00e9r\u00e9ales soit avec le mod\u00e8le SARRA-H, mod\u00e8le \u00e0 l&rsquo;\u00e9chelle parcellaire (Berg et al., 2010 ; Berg et al., 2011). Cependant, il faudra noter que ce couplage pose un certain nombre de probl\u00e8mes:\u00a0<\/p><ul><li>Une inad\u00e9quation d&rsquo;\u00e9chelle entre les GCM, qui simule le climat sur une r\u00e9solution spatiale tr\u00e8s grande (centaines de kilom\u00e8tres) qui n&rsquo;est pas appropri\u00e9 pour faire une \u00e9tude d&rsquo;impact \u00e0 l&rsquo;\u00e9chelle fine tels que les mod\u00e8les agronomiques d\u00e9velopp\u00e9s pour simuler le comportement de la plante \u00e0 l&rsquo;\u00e9chelle de la parcelle. Ainsi, il serait inappropri\u00e9 de forcer ces mod\u00e8les d&rsquo;impact avec les sorties des GCM. De ce fait, pour mieux appr\u00e9hender ce processus, il est n\u00e9cessaire de disposer de donn\u00e9es d&rsquo;entr\u00e9e journali\u00e8re \u00e0 l&rsquo;\u00e9chelle de la parcelle (Ahmed, 2011 ; Challinor et al., 2004 ; Oetelli et al., 2011).<\/li><li>Les biais syst\u00e9matiques associ\u00e9s aux mod\u00e8les climatiques li\u00e9s \u00e0 une incertitude sur la repr\u00e9sentation de certaines variables (Pluie) au niveau des GCM qui n\u00e9cessitent d&rsquo;\u00eatre corrig\u00e9s avant toute \u00e9tude d&rsquo;impact (Ehret et al., 2012 ; Salack et al., 2012 ; Zhang, 2005; Piani et al., 2009).<\/li><li>et aussi des bias associ\u00e9s \u00e0 la mod\u00e9lisation du syst\u00e8me sol-plante-atmosph\u00e8re relatives \u00e0 la conceptualisation m\u00eame du mod\u00e8le agronomique. Le but de cette th\u00e8se est de mettre en place un mod\u00e8le op\u00e9rationnel de pr\u00e9visibilit\u00e9 des rendements du mil bien avant m\u00eame la fin de l&rsquo;hivernage au S\u00e9n\u00e9gal en couplant le mod\u00e8le agronomique spatiale (Sarra-0) aux donn\u00e9es ENACTS \u00e0 tr\u00e8s haute.<\/li><\/ul><p>Les r\u00e9sultats de cette th\u00e8se contribueront \u00e0 la mise en place d&rsquo;un outil d&rsquo;aide \u00e0 la d\u00e9cision destin\u00e9 aux d\u00e9cideurs pour la planification des politiques et programmes agricoles.<\/p><p>Sp\u00e9cifiquement il s&rsquo;agira de :<\/p><p>Etape 1 : Analyser la variabilit\u00e9 climatique observ\u00e9e au S\u00e9n\u00e9gal depuis les ann\u00e9es 1980 \u00e0 nos jours ;<\/p><p>Etape 2 : Evaluer et valider les donn\u00e9es ENACTS (fusion des observations aux estimations des satellites) ; Etape 3 : Param\u00e9trer et \u00e9valuer le mod\u00e8le agronomique Sarra-0 \u00e0 simuler les rendements du mil au S\u00e9n\u00e9gal en utilisant les donn\u00e9es ENACTS en entr\u00e9e sur la p\u00e9riode 1981-2020 ;<\/p>\t\t\t\t\t\t\t\t<\/div>\n\t\t\t\t<\/div>\n\t\t\t\t\t<\/div>\n\t\t\t\t<\/div>\n\t\t<div class=\"elementor-element elementor-element-a3e1e5f e-flex e-con-boxed e-con e-parent\" data-id=\"a3e1e5f\" data-element_type=\"container\">\n\t\t\t\t\t<div class=\"e-con-inner\">\n\t\t\t\t<div class=\"elementor-element elementor-element-b7bb345 elementor-widget elementor-widget-image\" data-id=\"b7bb345\" data-element_type=\"widget\" data-widget_type=\"image.default\">\n\t\t\t\t<div class=\"elementor-widget-container\">\n\t\t\t\t\t\t\t\t\t\t\t\t\t\t\t<img fetchpriority=\"high\" decoding=\"async\" width=\"696\" height=\"584\" src=\"https:\/\/www.projet-cecc.org\/wp-content\/uploads\/1773244175377-1024x859.jpeg\" class=\"attachment-large size-large wp-image-5466\" alt=\"\" srcset=\"https:\/\/www.projet-cecc.org\/wp-content\/uploads\/1773244175377-1024x859.jpeg 1024w, https:\/\/www.projet-cecc.org\/wp-content\/uploads\/1773244175377-300x252.jpeg 300w, https:\/\/www.projet-cecc.org\/wp-content\/uploads\/1773244175377-768x644.jpeg 768w, https:\/\/www.projet-cecc.org\/wp-content\/uploads\/1773244175377-1536x1289.jpeg 1536w, https:\/\/www.projet-cecc.org\/wp-content\/uploads\/1773244175377-24x20.jpeg 24w, https:\/\/www.projet-cecc.org\/wp-content\/uploads\/1773244175377-36x30.jpeg 36w, https:\/\/www.projet-cecc.org\/wp-content\/uploads\/1773244175377-48x40.jpeg 48w, https:\/\/www.projet-cecc.org\/wp-content\/uploads\/1773244175377.jpeg 1831w\" sizes=\"(max-width: 696px) 100vw, 696px\" \/>\t\t\t\t\t\t\t\t\t\t\t\t\t\t\t<\/div>\n\t\t\t\t<\/div>\n\t\t\t\t\t<\/div>\n\t\t\t\t<\/div>\n\t\t\t\t<\/div>\n\t\t","protected":false},"excerpt":{"rendered":"<p>Asse Mbengue qui avait d\u00e9marr\u00e9 sa th\u00e8se CECC en alternance entre la France et le S\u00e9n\u00e9gal en 2023, a soutenu le 10 mars 2026 \u00e0 l&rsquo;UMR Espace Dev, \u00e0 Montpellier.\u00a0<\/p><\/div>\n<div class=\"blog-btn\"><a href=\"https:\/\/www.projet-cecc.org\/?p=5465\" class=\"home-blog-btn\">Lire la suite<\/a><\/p>\n","protected":false},"author":5,"featured_media":5431,"comment_status":"closed","ping_status":"open","sticky":false,"template":"","format":"standard","meta":{"_monsterinsights_skip_tracking":false,"_monsterinsights_sitenote_active":false,"_monsterinsights_sitenote_note":"","_monsterinsights_sitenote_category":0,"_EventAllDay":false,"_EventTimezone":"","_EventStartDate":"","_EventEndDate":"","_EventStartDateUTC":"","_EventEndDateUTC":"","_EventShowMap":false,"_EventShowMapLink":false,"_EventURL":"","_EventCost":"","_EventCostDescription":"","_EventCurrencySymbol":"","_EventCurrencyPosition":"","_EventDateTimeSeparator":"","_EventTimeRangeSeparator":"","_EventOrganizerID":[],"_EventVenueID":0,"_OrganizerEmail":"","_OrganizerPhone":"","_OrganizerWebsite":"","_VenueAddress":"","_VenueCity":"","_VenueCountry":"","_VenueProvince":"","_VenueZip":"","_VenuePhone":"","_VenueURL":"","_VenueStateProvince":"","_VenueLat":"","_VenueLng":"","footnotes":""},"categories":[42],"tags":[],"class_list":["post-5465","post","type-post","status-publish","format-standard","has-post-thumbnail","hentry","category-actualites"],"_links":{"self":[{"href":"https:\/\/www.projet-cecc.org\/index.php?rest_route=\/wp\/v2\/posts\/5465","targetHints":{"allow":["GET"]}}],"collection":[{"href":"https:\/\/www.projet-cecc.org\/index.php?rest_route=\/wp\/v2\/posts"}],"about":[{"href":"https:\/\/www.projet-cecc.org\/index.php?rest_route=\/wp\/v2\/types\/post"}],"author":[{"embeddable":true,"href":"https:\/\/www.projet-cecc.org\/index.php?rest_route=\/wp\/v2\/users\/5"}],"replies":[{"embeddable":true,"href":"https:\/\/www.projet-cecc.org\/index.php?rest_route=%2Fwp%2Fv2%2Fcomments&post=5465"}],"version-history":[{"count":5,"href":"https:\/\/www.projet-cecc.org\/index.php?rest_route=\/wp\/v2\/posts\/5465\/revisions"}],"predecessor-version":[{"id":5508,"href":"https:\/\/www.projet-cecc.org\/index.php?rest_route=\/wp\/v2\/posts\/5465\/revisions\/5508"}],"wp:featuredmedia":[{"embeddable":true,"href":"https:\/\/www.projet-cecc.org\/index.php?rest_route=\/wp\/v2\/media\/5431"}],"wp:attachment":[{"href":"https:\/\/www.projet-cecc.org\/index.php?rest_route=%2Fwp%2Fv2%2Fmedia&parent=5465"}],"wp:term":[{"taxonomy":"category","embeddable":true,"href":"https:\/\/www.projet-cecc.org\/index.php?rest_route=%2Fwp%2Fv2%2Fcategories&post=5465"},{"taxonomy":"post_tag","embeddable":true,"href":"https:\/\/www.projet-cecc.org\/index.php?rest_route=%2Fwp%2Fv2%2Ftags&post=5465"}],"curies":[{"name":"wp","href":"https:\/\/api.w.org\/{rel}","templated":true}]}}