{"id":5454,"date":"2026-03-12T12:29:33","date_gmt":"2026-03-12T11:29:33","guid":{"rendered":"https:\/\/www.projet-cecc.org\/?p=5454"},"modified":"2026-03-12T12:32:10","modified_gmt":"2026-03-12T11:32:10","slug":"soutenance-de-these-papa-gueye-sow","status":"publish","type":"post","link":"https:\/\/www.projet-cecc.org\/?p=5454","title":{"rendered":"Soutenance de th\u00e8se CECC &#8211; Papa Gueye Sow"},"content":{"rendered":"\t\t<div data-elementor-type=\"wp-post\" data-elementor-id=\"5454\" class=\"elementor elementor-5454\" data-elementor-post-type=\"post\">\n\t\t\t\t<div class=\"elementor-element elementor-element-590e926 e-flex e-con-boxed e-con e-parent\" data-id=\"590e926\" data-element_type=\"container\">\n\t\t\t\t\t<div class=\"e-con-inner\">\n\t\t\t\t<div class=\"elementor-element elementor-element-cbec8ec elementor-widget elementor-widget-text-editor\" data-id=\"cbec8ec\" data-element_type=\"widget\" data-widget_type=\"text-editor.default\">\n\t\t\t\t<div class=\"elementor-widget-container\">\n\t\t\t\t\t\t\t\t\t<p>Papa Gueye Sow, qui avait r\u00e9alis\u00e9 sa th\u00e8se en alternance entre la France et le S\u00e9n\u00e9gal, a soutenu le 27 f\u00e9vrier 2026 \u00e0 l&rsquo;Universit\u00e9 Gaston Berger de Saint-Louis au S\u00e9n\u00e9gal.\u00a0<\/p><p>\u00a0<\/p><h6>De la reconfiguration urbaine \u00e0 la r\u00e9exposition aux risques d\u2019inondation : le cas des trajectoires urbaines \u00e0 Dakar, S\u00e9n\u00e9gal<\/h6><p>Face \u00e0 la recrudescence des risques climatiques, Dakar a connu entre la fin des ann\u00e9es 1980 et le d\u00e9but des ann\u00e9es 2000 des inondations r\u00e9currentes touchant fortement les zones urbaines. Apr\u00e8s les graves inondations de 2005, les autorit\u00e9s s\u00e9n\u00e9galaises ont adopt\u00e9 le Jaxaay Plan, visant \u00e0 passer d\u2019une logique de r\u00e9action \u00e0 une politique de pr\u00e9vention et de r\u00e9duction des risques, ax\u00e9e sur la r\u00e9installation permanente et la restructuration urbaine. \u00c0 partir d\u2019une m\u00e9thodologie mixte combinant t\u00e9l\u00e9d\u00e9tection (pour l\u2019analyse des changements d\u2019occupation du sol \u00e0 Gu\u00e9diawaye et Jaxaay-Parcelles) et enqu\u00eates qualitatives (55 r\u00e9cits et 2 focus groups), l\u2019\u00e9tude montre que le Jaxaay Plan a profond\u00e9ment reconfigur\u00e9 les dynamiques urbaines de la banlieue dakaroise, favorisant une urbanisation rapide des zones p\u00e9riurbaines. Toutefois, en implantant les quartiers de r\u00e9installation dans une zone encore expos\u00e9e aux inondations, le Jaxaay Plan a paradoxalement accru la vuln\u00e9rabilit\u00e9 des m\u00e9nages relog\u00e9s aux risques hydriques.<\/p>\t\t\t\t\t\t\t\t<\/div>\n\t\t\t\t<\/div>\n\t\t\t\t\t<\/div>\n\t\t\t\t<\/div>\n\t\t<div class=\"elementor-element elementor-element-7880e80 e-flex e-con-boxed e-con e-parent\" data-id=\"7880e80\" data-element_type=\"container\">\n\t\t\t\t\t<div class=\"e-con-inner\">\n\t\t\t\t<div class=\"elementor-element elementor-element-74cabae elementor-widget elementor-widget-image\" data-id=\"74cabae\" data-element_type=\"widget\" data-widget_type=\"image.default\">\n\t\t\t\t<div class=\"elementor-widget-container\">\n\t\t\t\t\t\t\t\t\t\t\t\t\t\t\t<img fetchpriority=\"high\" decoding=\"async\" width=\"696\" height=\"464\" src=\"https:\/\/www.projet-cecc.org\/wp-content\/uploads\/1772547184736-1024x683.jpeg\" class=\"attachment-large size-large wp-image-5456\" alt=\"\" srcset=\"https:\/\/www.projet-cecc.org\/wp-content\/uploads\/1772547184736-1024x683.jpeg 1024w, https:\/\/www.projet-cecc.org\/wp-content\/uploads\/1772547184736-300x200.jpeg 300w, https:\/\/www.projet-cecc.org\/wp-content\/uploads\/1772547184736-768x512.jpeg 768w, https:\/\/www.projet-cecc.org\/wp-content\/uploads\/1772547184736-1536x1024.jpeg 1536w, https:\/\/www.projet-cecc.org\/wp-content\/uploads\/1772547184736-24x16.jpeg 24w, https:\/\/www.projet-cecc.org\/wp-content\/uploads\/1772547184736-36x24.jpeg 36w, https:\/\/www.projet-cecc.org\/wp-content\/uploads\/1772547184736-48x32.jpeg 48w, https:\/\/www.projet-cecc.org\/wp-content\/uploads\/1772547184736.jpeg 2048w\" sizes=\"(max-width: 696px) 100vw, 696px\" \/>\t\t\t\t\t\t\t\t\t\t\t\t\t\t\t<\/div>\n\t\t\t\t<\/div>\n\t\t\t\t\t<\/div>\n\t\t\t\t<\/div>\n\t\t\t\t<\/div>\n\t\t","protected":false},"excerpt":{"rendered":"<p>Papa Gueye Sow, qui avait r\u00e9alis\u00e9 sa th\u00e8se en alternance entre la France et le S\u00e9n\u00e9gal, a soutenu le 27 f\u00e9vrier 2026 \u00e0 l&rsquo;Universit\u00e9 Gaston Berger de Saint-Louis au S\u00e9n\u00e9gal.\u00a0<\/p><\/div>\n<div class=\"blog-btn\"><a href=\"https:\/\/www.projet-cecc.org\/?p=5454\" class=\"home-blog-btn\">Lire la suite<\/a><\/p>\n","protected":false},"author":5,"featured_media":5431,"comment_status":"closed","ping_status":"open","sticky":false,"template":"","format":"standard","meta":{"_monsterinsights_skip_tracking":false,"_monsterinsights_sitenote_active":false,"_monsterinsights_sitenote_note":"","_monsterinsights_sitenote_category":0,"_EventAllDay":false,"_EventTimezone":"","_EventStartDate":"","_EventEndDate":"","_EventStartDateUTC":"","_EventEndDateUTC":"","_EventShowMap":false,"_EventShowMapLink":false,"_EventURL":"","_EventCost":"","_EventCostDescription":"","_EventCurrencySymbol":"","_EventCurrencyPosition":"","_EventDateTimeSeparator":"","_EventTimeRangeSeparator":"","_EventOrganizerID":[],"_EventVenueID":0,"_OrganizerEmail":"","_OrganizerPhone":"","_OrganizerWebsite":"","_VenueAddress":"","_VenueCity":"","_VenueCountry":"","_VenueProvince":"","_VenueZip":"","_VenuePhone":"","_VenueURL":"","_VenueStateProvince":"","_VenueLat":"","_VenueLng":"","footnotes":""},"categories":[42],"tags":[],"class_list":["post-5454","post","type-post","status-publish","format-standard","has-post-thumbnail","hentry","category-actualites"],"_links":{"self":[{"href":"https:\/\/www.projet-cecc.org\/index.php?rest_route=\/wp\/v2\/posts\/5454","targetHints":{"allow":["GET"]}}],"collection":[{"href":"https:\/\/www.projet-cecc.org\/index.php?rest_route=\/wp\/v2\/posts"}],"about":[{"href":"https:\/\/www.projet-cecc.org\/index.php?rest_route=\/wp\/v2\/types\/post"}],"author":[{"embeddable":true,"href":"https:\/\/www.projet-cecc.org\/index.php?rest_route=\/wp\/v2\/users\/5"}],"replies":[{"embeddable":true,"href":"https:\/\/www.projet-cecc.org\/index.php?rest_route=%2Fwp%2Fv2%2Fcomments&post=5454"}],"version-history":[{"count":5,"href":"https:\/\/www.projet-cecc.org\/index.php?rest_route=\/wp\/v2\/posts\/5454\/revisions"}],"predecessor-version":[{"id":5464,"href":"https:\/\/www.projet-cecc.org\/index.php?rest_route=\/wp\/v2\/posts\/5454\/revisions\/5464"}],"wp:featuredmedia":[{"embeddable":true,"href":"https:\/\/www.projet-cecc.org\/index.php?rest_route=\/wp\/v2\/media\/5431"}],"wp:attachment":[{"href":"https:\/\/www.projet-cecc.org\/index.php?rest_route=%2Fwp%2Fv2%2Fmedia&parent=5454"}],"wp:term":[{"taxonomy":"category","embeddable":true,"href":"https:\/\/www.projet-cecc.org\/index.php?rest_route=%2Fwp%2Fv2%2Fcategories&post=5454"},{"taxonomy":"post_tag","embeddable":true,"href":"https:\/\/www.projet-cecc.org\/index.php?rest_route=%2Fwp%2Fv2%2Ftags&post=5454"}],"curies":[{"name":"wp","href":"https:\/\/api.w.org\/{rel}","templated":true}]}}