{"id":5448,"date":"2026-03-12T12:09:23","date_gmt":"2026-03-12T11:09:23","guid":{"rendered":"https:\/\/www.projet-cecc.org\/?p=5448"},"modified":"2026-03-12T12:31:15","modified_gmt":"2026-03-12T11:31:15","slug":"soutenance-de-these-cecc-serigne-bassirou-diop","status":"publish","type":"post","link":"https:\/\/www.projet-cecc.org\/?p=5448","title":{"rendered":"Soutenance de th\u00e8se CECC &#8211; Serigne Bassirou Diop"},"content":{"rendered":"\t\t<div data-elementor-type=\"wp-post\" data-elementor-id=\"5448\" class=\"elementor elementor-5448\" data-elementor-post-type=\"post\">\n\t\t\t\t<div class=\"elementor-element elementor-element-704b396 e-flex e-con-boxed e-con e-parent\" data-id=\"704b396\" data-element_type=\"container\">\n\t\t\t\t\t<div class=\"e-con-inner\">\n\t\t\t\t<div class=\"elementor-element elementor-element-fe45241 elementor-widget elementor-widget-text-editor\" data-id=\"fe45241\" data-element_type=\"widget\" data-widget_type=\"text-editor.default\">\n\t\t\t\t<div class=\"elementor-widget-container\">\n\t\t\t\t\t\t\t\t\t<p>Serigne Bassirou Diop, qui avait d\u00e9marr\u00e9 sa th\u00e8se CECC en alternance entre la France et le S\u00e9n\u00e9gal en 2023, a soutenu le 13 f\u00e9vrier 2026 \u00e0 l&rsquo;Universit\u00e9 Gaston Berger de Saint Louis au S\u00e9n\u00e9gal.\u00a0<\/p><h6>\u00a0<\/h6><h6>R\u00e9gionalisation des crues en Afrique de l&rsquo;Ouest dans un contexte de changement climatique<\/h6><p>Ses recherches ont port\u00e9 sur la mod\u00e9lisation des inondations et le changement climatique en Afrique de l&rsquo;Ouest, une r\u00e9gion o\u00f9 les inondations restent l&rsquo;un des risques climatiques les plus pressants. \u00c0 l&rsquo;aide d&rsquo;une base de donn\u00e9es sans pr\u00e9c\u00e9dent couvrant 246 bassins versants, ces travaux font progresser la pr\u00e9vision des inondations dans les bassins non jaug\u00e9s en comparant les approches statistiques classiques \u00e0 l&rsquo;apprentissage automatique et \u00e0 l&rsquo;apprentissage profond. Les projections futures, bas\u00e9es sur les sc\u00e9narios climatiques CMIP6 et des mod\u00e8les hydrologiques \u00e0 grande \u00e9chelle, r\u00e9v\u00e8lent un signal fort d&rsquo;intensification du risque d&rsquo;inondation d\u00e9j\u00e0 perceptible depuis les ann\u00e9es 1980. Ces r\u00e9sultats renforcent le besoin urgent d&rsquo;infrastructures r\u00e9silientes et de strat\u00e9gies proactives d&rsquo;adaptation au changement climatique dans la r\u00e9gion.<\/p>\t\t\t\t\t\t\t\t<\/div>\n\t\t\t\t<\/div>\n\t\t\t\t\t<\/div>\n\t\t\t\t<\/div>\n\t\t<div class=\"elementor-element elementor-element-e8d6903 e-flex e-con-boxed e-con e-parent\" data-id=\"e8d6903\" data-element_type=\"container\">\n\t\t\t\t\t<div class=\"e-con-inner\">\n\t\t\t\t<div class=\"elementor-element elementor-element-2fb231c elementor-widget elementor-widget-image\" data-id=\"2fb231c\" data-element_type=\"widget\" data-widget_type=\"image.default\">\n\t\t\t\t<div class=\"elementor-widget-container\">\n\t\t\t\t\t\t\t\t\t\t\t\t\t\t\t<img fetchpriority=\"high\" decoding=\"async\" width=\"696\" height=\"928\" src=\"https:\/\/www.projet-cecc.org\/wp-content\/uploads\/1771266474988-768x1024.jpeg\" class=\"attachment-large size-large wp-image-5460\" alt=\"\" srcset=\"https:\/\/www.projet-cecc.org\/wp-content\/uploads\/1771266474988-768x1024.jpeg 768w, https:\/\/www.projet-cecc.org\/wp-content\/uploads\/1771266474988-225x300.jpeg 225w, https:\/\/www.projet-cecc.org\/wp-content\/uploads\/1771266474988-18x24.jpeg 18w, https:\/\/www.projet-cecc.org\/wp-content\/uploads\/1771266474988-27x36.jpeg 27w, https:\/\/www.projet-cecc.org\/wp-content\/uploads\/1771266474988-36x48.jpeg 36w, https:\/\/www.projet-cecc.org\/wp-content\/uploads\/1771266474988.jpeg 810w\" sizes=\"(max-width: 696px) 100vw, 696px\" \/>\t\t\t\t\t\t\t\t\t\t\t\t\t\t\t<\/div>\n\t\t\t\t<\/div>\n\t\t\t\t\t<\/div>\n\t\t\t\t<\/div>\n\t\t\t\t<\/div>\n\t\t","protected":false},"excerpt":{"rendered":"<p>Serigne Bassirou Diop, qui avait d\u00e9marr\u00e9 sa th\u00e8se CECC en alternance entre la France et le S\u00e9n\u00e9gal en 2023, a soutenu le 13 f\u00e9vrier 2026 \u00e0 l&rsquo;Universit\u00e9 Gaston Berger de<\/p><\/div>\n<div class=\"blog-btn\"><a href=\"https:\/\/www.projet-cecc.org\/?p=5448\" class=\"home-blog-btn\">Lire la suite<\/a><\/p>\n","protected":false},"author":5,"featured_media":5431,"comment_status":"closed","ping_status":"open","sticky":false,"template":"","format":"standard","meta":{"_monsterinsights_skip_tracking":false,"_monsterinsights_sitenote_active":false,"_monsterinsights_sitenote_note":"","_monsterinsights_sitenote_category":0,"_EventAllDay":false,"_EventTimezone":"","_EventStartDate":"","_EventEndDate":"","_EventStartDateUTC":"","_EventEndDateUTC":"","_EventShowMap":false,"_EventShowMapLink":false,"_EventURL":"","_EventCost":"","_EventCostDescription":"","_EventCurrencySymbol":"","_EventCurrencyPosition":"","_EventDateTimeSeparator":"","_EventTimeRangeSeparator":"","_EventOrganizerID":[],"_EventVenueID":0,"_OrganizerEmail":"","_OrganizerPhone":"","_OrganizerWebsite":"","_VenueAddress":"","_VenueCity":"","_VenueCountry":"","_VenueProvince":"","_VenueZip":"","_VenuePhone":"","_VenueURL":"","_VenueStateProvince":"","_VenueLat":"","_VenueLng":"","footnotes":""},"categories":[42],"tags":[],"class_list":["post-5448","post","type-post","status-publish","format-standard","has-post-thumbnail","hentry","category-actualites"],"_links":{"self":[{"href":"https:\/\/www.projet-cecc.org\/index.php?rest_route=\/wp\/v2\/posts\/5448","targetHints":{"allow":["GET"]}}],"collection":[{"href":"https:\/\/www.projet-cecc.org\/index.php?rest_route=\/wp\/v2\/posts"}],"about":[{"href":"https:\/\/www.projet-cecc.org\/index.php?rest_route=\/wp\/v2\/types\/post"}],"author":[{"embeddable":true,"href":"https:\/\/www.projet-cecc.org\/index.php?rest_route=\/wp\/v2\/users\/5"}],"replies":[{"embeddable":true,"href":"https:\/\/www.projet-cecc.org\/index.php?rest_route=%2Fwp%2Fv2%2Fcomments&post=5448"}],"version-history":[{"count":7,"href":"https:\/\/www.projet-cecc.org\/index.php?rest_route=\/wp\/v2\/posts\/5448\/revisions"}],"predecessor-version":[{"id":5463,"href":"https:\/\/www.projet-cecc.org\/index.php?rest_route=\/wp\/v2\/posts\/5448\/revisions\/5463"}],"wp:featuredmedia":[{"embeddable":true,"href":"https:\/\/www.projet-cecc.org\/index.php?rest_route=\/wp\/v2\/media\/5431"}],"wp:attachment":[{"href":"https:\/\/www.projet-cecc.org\/index.php?rest_route=%2Fwp%2Fv2%2Fmedia&parent=5448"}],"wp:term":[{"taxonomy":"category","embeddable":true,"href":"https:\/\/www.projet-cecc.org\/index.php?rest_route=%2Fwp%2Fv2%2Fcategories&post=5448"},{"taxonomy":"post_tag","embeddable":true,"href":"https:\/\/www.projet-cecc.org\/index.php?rest_route=%2Fwp%2Fv2%2Ftags&post=5448"}],"curies":[{"name":"wp","href":"https:\/\/api.w.org\/{rel}","templated":true}]}}