{"id":5442,"date":"2025-11-10T11:56:49","date_gmt":"2025-11-10T10:56:49","guid":{"rendered":"https:\/\/www.projet-cecc.org\/?p=5442"},"modified":"2026-03-12T12:04:03","modified_gmt":"2026-03-12T11:04:03","slug":"participation-des-equipes-cecc-au-lancement-de-lecole-de-formation-aux-etudes-dimpact-du-changement-climatique-au-sud-ficcs","status":"publish","type":"post","link":"https:\/\/www.projet-cecc.org\/?p=5442","title":{"rendered":"Participation des \u00e9quipes CECC au lancement de l\u2019\u00c9cole de Formation aux \u00e9tudes d\u2019Impact du Changement Climatique au Sud (FICCS)"},"content":{"rendered":"\t\t<div data-elementor-type=\"wp-post\" data-elementor-id=\"5442\" class=\"elementor elementor-5442\" data-elementor-post-type=\"post\">\n\t\t\t\t<div class=\"elementor-element elementor-element-ef5a7b5 e-flex e-con-boxed e-con e-parent\" data-id=\"ef5a7b5\" data-element_type=\"container\">\n\t\t\t\t\t<div class=\"e-con-inner\">\n\t\t\t\t<div class=\"elementor-element elementor-element-990ad38 elementor-widget elementor-widget-text-editor\" data-id=\"990ad38\" data-element_type=\"widget\" data-widget_type=\"text-editor.default\">\n\t\t\t\t<div class=\"elementor-widget-container\">\n\t\t\t\t\t\t\t\t\t<p>Du 27 au 29 octobre 2025, la Communaut\u00e9 de Savoirs Climat (Cosav Climat) de l\u2019<a class=\"ypQQrJWbsMAdofJufuRQqYWNdCHSxLFMDBI \" tabindex=\"0\" href=\"https:\/\/www.linkedin.com\/company\/ird_2\/\" target=\"_self\" data-test-app-aware-link=\"\">IRD<\/a> a organis\u00e9 la <a href=\"https:\/\/www.ird.fr\/lancement-de-lecole-de-formation-aux-etudes-dimpact-du-changement-climatique-au-sud-ficcs\">premi\u00e8re \u00e9dition de l\u2019\u00e9cole d\u2019\u00e9t\u00e9 FICCS<\/a>, visant \u00e0 renforcer les capacit\u00e9s des scientifiques dans l\u2019analyse et la mod\u00e9lisation des impacts du changement climatique. Cette formation a notamment \u00e9t\u00e9 co-anim\u00e9e par les coordinateurs et doctorants des actions <a href=\"https:\/\/www.projet-cecc.org\/?page_id=3397\">\u00ab\u00a0D\u00e9biaisage des CMIP\u00a0\u00bb<\/a> et <a href=\"https:\/\/www.projet-cecc.org\/?page_id=3396#elementor-toc__heading-anchor-4\">\u00ab\u00a0R\u00e9gionalisation des crues en Afrique de l&rsquo;Ouest\u00a0\u00bb<\/a> du projet CECC.<\/p><p>\ud83d\udc49 Pendant 3 jours, les participants ont \u00e9chang\u00e9 autour de th\u00e9matiques cl\u00e9s :<\/p><ul><li>les fondements du syst\u00e8me climatique global et r\u00e9gional ;<\/li><li>les impacts du changement climatique sur l\u2019hydrologie, l\u2019agriculture, la sant\u00e9, les oc\u00e9ans et les syst\u00e8mes \u00e9nerg\u00e9tiques ;<\/li><li>les m\u00e9thodes de mod\u00e9lisation et d\u2019analyse des donn\u00e9es climatiques.<\/li><\/ul><p>Cette formation s\u2019appuie sur le portail de services climatiques ClimatSuds, d\u00e9velopp\u00e9 par la communaut\u00e9 scientifique de la Cosav Climat, aujourd\u2019hui fort de pr\u00e8s de 1000 utilisateurs \u00e0 travers le monde. Les produits du projet CECC seront progressivement migr\u00e9s vers cette plateforme, une page d\u00e9di\u00e9e au projet y est d\u00e9j\u00e0 disponible : <a href=\"https:\/\/climatsuds.ipsl.fr\/fr\/cecc\">https:\/\/climatsuds.ipsl.fr\/fr\/cecc\u00a0<\/a><\/p>\t\t\t\t\t\t\t\t<\/div>\n\t\t\t\t<\/div>\n\t\t\t\t\t<\/div>\n\t\t\t\t<\/div>\n\t\t\t\t<\/div>\n\t\t","protected":false},"excerpt":{"rendered":"<p>Du 27 au 29 octobre 2025, la Communaut\u00e9 de Savoirs Climat (Cosav Climat) de l\u2019IRD a organis\u00e9 la premi\u00e8re \u00e9dition de l\u2019\u00e9cole d\u2019\u00e9t\u00e9 FICCS, visant \u00e0 renforcer les capacit\u00e9s des<\/p><\/div>\n<div class=\"blog-btn\"><a href=\"https:\/\/www.projet-cecc.org\/?p=5442\" class=\"home-blog-btn\">Lire la suite<\/a><\/p>\n","protected":false},"author":5,"featured_media":5443,"comment_status":"closed","ping_status":"open","sticky":false,"template":"","format":"standard","meta":{"_monsterinsights_skip_tracking":false,"_monsterinsights_sitenote_active":false,"_monsterinsights_sitenote_note":"","_monsterinsights_sitenote_category":0,"_EventAllDay":false,"_EventTimezone":"","_EventStartDate":"","_EventEndDate":"","_EventStartDateUTC":"","_EventEndDateUTC":"","_EventShowMap":false,"_EventShowMapLink":false,"_EventURL":"","_EventCost":"","_EventCostDescription":"","_EventCurrencySymbol":"","_EventCurrencyPosition":"","_EventDateTimeSeparator":"","_EventTimeRangeSeparator":"","_EventOrganizerID":[],"_EventVenueID":0,"_OrganizerEmail":"","_OrganizerPhone":"","_OrganizerWebsite":"","_VenueAddress":"","_VenueCity":"","_VenueCountry":"","_VenueProvince":"","_VenueZip":"","_VenuePhone":"","_VenueURL":"","_VenueStateProvince":"","_VenueLat":"","_VenueLng":"","footnotes":""},"categories":[42],"tags":[],"class_list":["post-5442","post","type-post","status-publish","format-standard","has-post-thumbnail","hentry","category-actualites"],"_links":{"self":[{"href":"https:\/\/www.projet-cecc.org\/index.php?rest_route=\/wp\/v2\/posts\/5442","targetHints":{"allow":["GET"]}}],"collection":[{"href":"https:\/\/www.projet-cecc.org\/index.php?rest_route=\/wp\/v2\/posts"}],"about":[{"href":"https:\/\/www.projet-cecc.org\/index.php?rest_route=\/wp\/v2\/types\/post"}],"author":[{"embeddable":true,"href":"https:\/\/www.projet-cecc.org\/index.php?rest_route=\/wp\/v2\/users\/5"}],"replies":[{"embeddable":true,"href":"https:\/\/www.projet-cecc.org\/index.php?rest_route=%2Fwp%2Fv2%2Fcomments&post=5442"}],"version-history":[{"count":4,"href":"https:\/\/www.projet-cecc.org\/index.php?rest_route=\/wp\/v2\/posts\/5442\/revisions"}],"predecessor-version":[{"id":5447,"href":"https:\/\/www.projet-cecc.org\/index.php?rest_route=\/wp\/v2\/posts\/5442\/revisions\/5447"}],"wp:featuredmedia":[{"embeddable":true,"href":"https:\/\/www.projet-cecc.org\/index.php?rest_route=\/wp\/v2\/media\/5443"}],"wp:attachment":[{"href":"https:\/\/www.projet-cecc.org\/index.php?rest_route=%2Fwp%2Fv2%2Fmedia&parent=5442"}],"wp:term":[{"taxonomy":"category","embeddable":true,"href":"https:\/\/www.projet-cecc.org\/index.php?rest_route=%2Fwp%2Fv2%2Fcategories&post=5442"},{"taxonomy":"post_tag","embeddable":true,"href":"https:\/\/www.projet-cecc.org\/index.php?rest_route=%2Fwp%2Fv2%2Ftags&post=5442"}],"curies":[{"name":"wp","href":"https:\/\/api.w.org\/{rel}","templated":true}]}}